{"id":8794,"date":"2019-11-23T21:20:07","date_gmt":"2019-11-23T20:20:07","guid":{"rendered":"https:\/\/urbans.wien\/?p=8794"},"modified":"2019-12-23T20:10:02","modified_gmt":"2019-12-23T19:10:02","slug":"weihnachtszeit-oeffnungszeiten","status":"publish","type":"post","link":"https:\/\/urbans.wien\/en\/2019\/11\/23\/weihnachtszeit-oeffnungszeiten\/","title":{"rendered":"Weihnachtszeit &#038; \u00d6ffnungszeiten"},"content":{"rendered":"<p>Sehr geehrte G\u00e4ste,<\/p>\n<p>wir haben f\u00fcr euch am 24.12. und 31.12. offen, mit besonderen Angeboten und Men\u00fcs. Weitere Infos zum Heiligabend findet ihr wenn ihr <a href=\"https:\/\/urbans.wien\/2019\/11\/21\/8694\/\">hier drauf dr\u00fcckt<\/a>, zum Silvester Dinner wenn ihr <a href=\"https:\/\/urbans.wien\/2019\/11\/21\/silvester-2019-2020\/\">hier drauf dr\u00fcck<\/a>t und zur Neu Jahres Party mit All Inclusive Angebot wenn ihr <a href=\"https:\/\/urbans.wien\/2019\/11\/21\/neujahr-2020\/\">hier drauf dr\u00fcckt<\/a>.<\/p>\n<p>in der Weihnachtszeit haben wir an ein paar Abenden geschlossene Gesellschaften im Haus bzw. sind bereits ausgebucht.<\/p>\n<p>Hier die Daten an denen wir leider keinen Platz mehr f\u00fcr euch haben, wir aktualisieren die Liste mindestens drei mal w\u00f6chentlich.<\/p>\n<p>25.12.2019 Ruhetag<br \/>\n<span style=\"font-family: inherit; font-weight: inherit;\">26.12. ab 17:00 ge\u00f6ffnet<\/span><\/p>\n<p>1.1.2020 ge\u00f6ffnet ab 17:00<\/p>\n<p>Wir danken f\u00fcr euer Verst\u00e4ndniss und hoffen euch bald bei uns begr\u00fc\u00dfen zu d\u00fcrfen.<\/p>\n","protected":false},"excerpt":{"rendered":"<p>Sehr geehrte G\u00e4ste, wir haben f\u00fcr euch am 24.12. und 31.12. offen, mit besonderen Angeboten und Men\u00fcs. Weitere Infos zum Heiligabend findet ihr wenn ihr hier drauf dr\u00fcckt, zum Silvester Dinner wenn ihr hier drauf dr\u00fcckt und zur Neu Jahres Party mit All Inclusive Angebot wenn ihr hier drauf dr\u00fcckt. in der Weihnachtszeit haben wir..<\/p>\n","protected":false},"author":2,"featured_media":0,"comment_status":"open","ping_status":"closed","sticky":false,"template":"","format":"standard","meta":{"footnotes":""},"categories":[1],"tags":[],"_links":{"self":[{"href":"https:\/\/urbans.wien\/en\/wp-json\/wp\/v2\/posts\/8794"}],"collection":[{"href":"https:\/\/urbans.wien\/en\/wp-json\/wp\/v2\/posts"}],"about":[{"href":"https:\/\/urbans.wien\/en\/wp-json\/wp\/v2\/types\/post"}],"author":[{"embeddable":true,"href":"https:\/\/urbans.wien\/en\/wp-json\/wp\/v2\/users\/2"}],"replies":[{"embeddable":true,"href":"https:\/\/urbans.wien\/en\/wp-json\/wp\/v2\/comments?post=8794"}],"version-history":[{"count":12,"href":"https:\/\/urbans.wien\/en\/wp-json\/wp\/v2\/posts\/8794\/revisions"}],"predecessor-version":[{"id":12911,"href":"https:\/\/urbans.wien\/en\/wp-json\/wp\/v2\/posts\/8794\/revisions\/12911"}],"wp:attachment":[{"href":"https:\/\/urbans.wien\/en\/wp-json\/wp\/v2\/media?parent=8794"}],"wp:term":[{"taxonomy":"category","embeddable":true,"href":"https:\/\/urbans.wien\/en\/wp-json\/wp\/v2\/categories?post=8794"},{"taxonomy":"post_tag","embeddable":true,"href":"https:\/\/urbans.wien\/en\/wp-json\/wp\/v2\/tags?post=8794"}],"curies":[{"name":"wp","href":"https:\/\/api.w.org\/{rel}","templated":true}]}}