{"id":8694,"date":"2019-11-21T16:34:56","date_gmt":"2019-11-21T15:34:56","guid":{"rendered":"https:\/\/urbans.wien\/?p=8694"},"modified":"2019-12-12T15:27:09","modified_gmt":"2019-12-12T14:27:09","slug":"8694","status":"publish","type":"post","link":"https:\/\/urbans.wien\/en\/2019\/11\/21\/8694\/","title":{"rendered":"Weihnachten 2019"},"content":{"rendered":"<p>&nbsp;<\/p>\n<p><img loading=\"lazy\" decoding=\"async\" class=\"alignnone size-full wp-image-8706\" src=\"https:\/\/urbans.wien\/wp-content\/uploads\/2019\/11\/weihanchten1v2-1.jpg\" alt=\"\" width=\"579\" height=\"828\" srcset=\"https:\/\/urbans.wien\/wp-content\/uploads\/2019\/11\/weihanchten1v2-1.jpg 579w, https:\/\/urbans.wien\/wp-content\/uploads\/2019\/11\/weihanchten1v2-1-210x300.jpg 210w, https:\/\/urbans.wien\/wp-content\/uploads\/2019\/11\/weihanchten1v2-1-400x572.jpg 400w\" sizes=\"(max-width: 579px) 100vw, 579px\" \/><\/p>\n<p><img loading=\"lazy\" decoding=\"async\" class=\"alignnone size-full wp-image-8704\" src=\"https:\/\/urbans.wien\/wp-content\/uploads\/2019\/11\/weihnachten2v2-1.jpg\" alt=\"\" width=\"575\" height=\"826\" srcset=\"https:\/\/urbans.wien\/wp-content\/uploads\/2019\/11\/weihnachten2v2-1.jpg 575w, https:\/\/urbans.wien\/wp-content\/uploads\/2019\/11\/weihnachten2v2-1-209x300.jpg 209w, https:\/\/urbans.wien\/wp-content\/uploads\/2019\/11\/weihnachten2v2-1-400x575.jpg 400w\" sizes=\"(max-width: 575px) 100vw, 575px\" \/><\/p>\n<p>Weihnachtsabend am 24.12.2019 im URBAN&#8217;s, f\u00fcr alle die es gem\u00fctlich angehen wollen und lieber andere kochen lassen.<\/p>\n<p><a href=\"https:\/\/urbans.wien\/wp-content\/uploads\/2019\/11\/weihnachten-2019-1.pdf\">Download Men\u00fc<\/a>\u00a0|<a href=\"https:\/\/urbans.wien\/reservierung\/\">\u00a0Reservieren<\/a><\/p>\n","protected":false},"excerpt":{"rendered":"<p>&nbsp; Weihnachtsabend am 24.12.2019 im URBAN&#8217;s, f\u00fcr alle die es gem\u00fctlich angehen wollen und lieber andere kochen lassen. Download Men\u00fc\u00a0|\u00a0Reservieren<\/p>\n","protected":false},"author":2,"featured_media":8712,"comment_status":"open","ping_status":"closed","sticky":false,"template":"","format":"standard","meta":{"footnotes":""},"categories":[2,3],"tags":[32],"_links":{"self":[{"href":"https:\/\/urbans.wien\/en\/wp-json\/wp\/v2\/posts\/8694"}],"collection":[{"href":"https:\/\/urbans.wien\/en\/wp-json\/wp\/v2\/posts"}],"about":[{"href":"https:\/\/urbans.wien\/en\/wp-json\/wp\/v2\/types\/post"}],"author":[{"embeddable":true,"href":"https:\/\/urbans.wien\/en\/wp-json\/wp\/v2\/users\/2"}],"replies":[{"embeddable":true,"href":"https:\/\/urbans.wien\/en\/wp-json\/wp\/v2\/comments?post=8694"}],"version-history":[{"count":10,"href":"https:\/\/urbans.wien\/en\/wp-json\/wp\/v2\/posts\/8694\/revisions"}],"predecessor-version":[{"id":9069,"href":"https:\/\/urbans.wien\/en\/wp-json\/wp\/v2\/posts\/8694\/revisions\/9069"}],"wp:featuredmedia":[{"embeddable":true,"href":"https:\/\/urbans.wien\/en\/wp-json\/wp\/v2\/media\/8712"}],"wp:attachment":[{"href":"https:\/\/urbans.wien\/en\/wp-json\/wp\/v2\/media?parent=8694"}],"wp:term":[{"taxonomy":"category","embeddable":true,"href":"https:\/\/urbans.wien\/en\/wp-json\/wp\/v2\/categories?post=8694"},{"taxonomy":"post_tag","embeddable":true,"href":"https:\/\/urbans.wien\/en\/wp-json\/wp\/v2\/tags?post=8694"}],"curies":[{"name":"wp","href":"https:\/\/api.w.org\/{rel}","templated":true}]}}