{"id":4575,"date":"2018-12-20T22:27:07","date_gmt":"2018-12-20T21:27:07","guid":{"rendered":"https:\/\/urbans.wien\/?p=4575"},"modified":"2018-12-27T14:49:33","modified_gmt":"2018-12-27T13:49:33","slug":"wichtige-informationen-fuer-den-rest-des-jahres-2018","status":"publish","type":"post","link":"https:\/\/urbans.wien\/en\/2018\/12\/20\/wichtige-informationen-fuer-den-rest-des-jahres-2018\/","title":{"rendered":"Wichtige Informationen f\u00fcr den Rest des Jahres 2018"},"content":{"rendered":"<p>Liebe G\u00e4ste,<\/p>\n<p>An den folgenden Tagen haben wir einige wichtige Informationen die wir euch mitteilen wollen:<\/p>\n<p>23. Dezember:<br \/>\nAm Sonntag dem haben wir aus organisatorischen Gr\u00fcnden kein Brunch Buffet f\u00fcr euch, wir freuen uns aber darauf euch mit unseren \u00e1 la carte Speisen verw\u00f6hnen zu d\u00fcrfen.<\/p>\n<p>24.-28. Dezember:<br \/>\nIn dieser Woche haben wir dem Mittagsmen\u00fc Urlaub gegeben.<\/p>\n<p>24. Dezember:<br \/>\nAm Heiligabend, haben wir den ganzen Tag ge\u00f6ffnet und kochen f\u00fcr euch ein eigenes Weihnachtsmen\u00fc bestehend aus drei G\u00e4ngen.<\/p>\n<p>25. Dezember:<br \/>\nAm Tag nach Weihnachten ruht ausnahmsweise das ganze URBAN&#8217;S Team&#8230;<\/p>\n<p>30. Dezember:<br \/>\nUnser Brunch ruht sich an diesem Tag aus, so dass sich unsere K\u00f6che voll und ganz auf die Vorbereitungsarbeiten f\u00fcr unsere Silvesterfeier konzentrieren k\u00f6nnen.<\/p>\n<p>31. Dezember:<br \/>\n&#8230; weil wir wollen alle fit sein f\u00fcr Silvester! Am letzten Abend des Jahres haben wir nicht nur ein exklusives 5 G\u00e4nge Men\u00fc, sondern feiern auch mit euch bis in die Morgenstunden des Jahres 2019.<\/p>\n<p>1. J\u00e4nner 2019:<br \/>\nNachdem wir uns alle wieder erholt haben \u00f6ffnen wir f\u00fcr euch unsere T\u00fcren um 17:00<\/p>\n<p>&nbsp;<\/p>\n<p>&#8230; und hier nochmals die genauen Men\u00fcs f\u00fcr Weihnachten und Silvester:<\/p>\n<p>&nbsp;<\/p>\n<p><img loading=\"lazy\" decoding=\"async\" class=\"alignnone size-full wp-image-4579\" src=\"https:\/\/urbans.wien\/wp-content\/uploads\/2018\/12\/2019.jpg\" alt=\"\" width=\"1293\" height=\"908\" srcset=\"https:\/\/urbans.wien\/wp-content\/uploads\/2018\/12\/2019.jpg 1293w, https:\/\/urbans.wien\/wp-content\/uploads\/2018\/12\/2019-600x421.jpg 600w, https:\/\/urbans.wien\/wp-content\/uploads\/2018\/12\/2019-300x211.jpg 300w, https:\/\/urbans.wien\/wp-content\/uploads\/2018\/12\/2019-768x539.jpg 768w, https:\/\/urbans.wien\/wp-content\/uploads\/2018\/12\/2019-1024x719.jpg 1024w, https:\/\/urbans.wien\/wp-content\/uploads\/2018\/12\/2019-1200x843.jpg 1200w, https:\/\/urbans.wien\/wp-content\/uploads\/2018\/12\/2019-900x632.jpg 900w, https:\/\/urbans.wien\/wp-content\/uploads\/2018\/12\/2019-400x281.jpg 400w\" sizes=\"(max-width: 1293px) 100vw, 1293px\" \/><\/p>\n<p><img loading=\"lazy\" decoding=\"async\" class=\"alignnone size-full wp-image-4583\" src=\"https:\/\/urbans.wien\/wp-content\/uploads\/2018\/12\/2019weihnachten.jpg\" alt=\"\" width=\"1268\" height=\"817\" srcset=\"https:\/\/urbans.wien\/wp-content\/uploads\/2018\/12\/2019weihnachten.jpg 1268w, https:\/\/urbans.wien\/wp-content\/uploads\/2018\/12\/2019weihnachten-600x387.jpg 600w, https:\/\/urbans.wien\/wp-content\/uploads\/2018\/12\/2019weihnachten-300x193.jpg 300w, https:\/\/urbans.wien\/wp-content\/uploads\/2018\/12\/2019weihnachten-768x495.jpg 768w, https:\/\/urbans.wien\/wp-content\/uploads\/2018\/12\/2019weihnachten-1024x660.jpg 1024w, https:\/\/urbans.wien\/wp-content\/uploads\/2018\/12\/2019weihnachten-1200x773.jpg 1200w, https:\/\/urbans.wien\/wp-content\/uploads\/2018\/12\/2019weihnachten-900x580.jpg 900w, https:\/\/urbans.wien\/wp-content\/uploads\/2018\/12\/2019weihnachten-400x258.jpg 400w\" sizes=\"(max-width: 1268px) 100vw, 1268px\" \/><\/p>\n<p>&nbsp;<\/p>\n","protected":false},"excerpt":{"rendered":"<p>Liebe G\u00e4ste, An den folgenden Tagen haben wir einige wichtige Informationen die wir euch mitteilen wollen: 23. Dezember: Am Sonntag dem haben wir aus organisatorischen Gr\u00fcnden kein Brunch Buffet f\u00fcr euch, wir freuen uns aber darauf euch mit unseren \u00e1 la carte Speisen verw\u00f6hnen zu d\u00fcrfen. 24.-28. Dezember: In dieser Woche haben wir dem Mittagsmen\u00fc..<\/p>\n","protected":false},"author":2,"featured_media":668,"comment_status":"open","ping_status":"closed","sticky":false,"template":"","format":"standard","meta":{"footnotes":""},"categories":[1],"tags":[],"_links":{"self":[{"href":"https:\/\/urbans.wien\/en\/wp-json\/wp\/v2\/posts\/4575"}],"collection":[{"href":"https:\/\/urbans.wien\/en\/wp-json\/wp\/v2\/posts"}],"about":[{"href":"https:\/\/urbans.wien\/en\/wp-json\/wp\/v2\/types\/post"}],"author":[{"embeddable":true,"href":"https:\/\/urbans.wien\/en\/wp-json\/wp\/v2\/users\/2"}],"replies":[{"embeddable":true,"href":"https:\/\/urbans.wien\/en\/wp-json\/wp\/v2\/comments?post=4575"}],"version-history":[{"count":7,"href":"https:\/\/urbans.wien\/en\/wp-json\/wp\/v2\/posts\/4575\/revisions"}],"predecessor-version":[{"id":4703,"href":"https:\/\/urbans.wien\/en\/wp-json\/wp\/v2\/posts\/4575\/revisions\/4703"}],"wp:featuredmedia":[{"embeddable":true,"href":"https:\/\/urbans.wien\/en\/wp-json\/wp\/v2\/media\/668"}],"wp:attachment":[{"href":"https:\/\/urbans.wien\/en\/wp-json\/wp\/v2\/media?parent=4575"}],"wp:term":[{"taxonomy":"category","embeddable":true,"href":"https:\/\/urbans.wien\/en\/wp-json\/wp\/v2\/categories?post=4575"},{"taxonomy":"post_tag","embeddable":true,"href":"https:\/\/urbans.wien\/en\/wp-json\/wp\/v2\/tags?post=4575"}],"curies":[{"name":"wp","href":"https:\/\/api.w.org\/{rel}","templated":true}]}}