{"id":2695,"date":"2018-01-24T17:35:25","date_gmt":"2018-01-24T16:35:25","guid":{"rendered":"http:\/\/urbans.wien\/?p=2695\/"},"modified":"2018-01-24T17:40:13","modified_gmt":"2018-01-24T16:40:13","slug":"unser-live-jazz-brunch-geht-in-den-ruhestand","status":"publish","type":"post","link":"https:\/\/urbans.wien\/en\/2018\/01\/24\/unser-live-jazz-brunch-geht-in-den-ruhestand\/","title":{"rendered":"Unser Live-Jazz Brunch geht in den verfr\u00fchten Ruhestand"},"content":{"rendered":"<p>Liebe G\u00e4ste und Freunde des Live-Jazz-Brunchs,<\/p>\n<p>mit gro\u00dfem Bedauern m\u00fcssen wir Euch mitteilen, dass unser Live Jazz-Brunch mit sofortiger Wirkung eingestellt wird.<br \/>\nBedauerlicherweise\u00a0 hat sich ein Nachbar \u00fcber die L\u00e4rmbel\u00e4stigung beh\u00f6rdlich beschwert, somit waren wir zu diesem Schritt gezwungen . Wir bedanken uns bei unserer Band &#8220;JAZZ-BRANSCH&#8221; welche regelm\u00e4\u00dfig unser Restaurant mit ihrem tollen Jazz-Gig kulturell bereichert hat.<\/p>\n<p>Unser Jazz-Brunch (aus der B\u00fcchse) findet unabh\u00e4ngig davon weiterhin\u00a0 regelm\u00e4\u00dfig jeden Samstag und Sonntag statt.<\/p>\n<p>Alles Liebe und bis bald im URBAN&#8217;s<\/p>\n","protected":false},"excerpt":{"rendered":"<p>Liebe G\u00e4ste und Freunde des Live-Jazz-Brunchs, mit gro\u00dfem Bedauern m\u00fcssen wir Euch mitteilen, dass unser Live Jazz-Brunch mit sofortiger Wirkung eingestellt wird. Bedauerlicherweise\u00a0 hat sich ein Nachbar \u00fcber die L\u00e4rmbel\u00e4stigung beh\u00f6rdlich beschwert, somit waren wir zu diesem Schritt gezwungen . Wir bedanken uns bei unserer Band &#8220;JAZZ-BRANSCH&#8221; welche regelm\u00e4\u00dfig unser Restaurant mit ihrem tollen Jazz-Gig..<\/p>\n","protected":false},"author":2,"featured_media":824,"comment_status":"open","ping_status":"closed","sticky":false,"template":"","format":"standard","meta":{"footnotes":""},"categories":[1],"tags":[],"_links":{"self":[{"href":"https:\/\/urbans.wien\/en\/wp-json\/wp\/v2\/posts\/2695"}],"collection":[{"href":"https:\/\/urbans.wien\/en\/wp-json\/wp\/v2\/posts"}],"about":[{"href":"https:\/\/urbans.wien\/en\/wp-json\/wp\/v2\/types\/post"}],"author":[{"embeddable":true,"href":"https:\/\/urbans.wien\/en\/wp-json\/wp\/v2\/users\/2"}],"replies":[{"embeddable":true,"href":"https:\/\/urbans.wien\/en\/wp-json\/wp\/v2\/comments?post=2695"}],"version-history":[{"count":3,"href":"https:\/\/urbans.wien\/en\/wp-json\/wp\/v2\/posts\/2695\/revisions"}],"predecessor-version":[{"id":2698,"href":"https:\/\/urbans.wien\/en\/wp-json\/wp\/v2\/posts\/2695\/revisions\/2698"}],"wp:featuredmedia":[{"embeddable":true,"href":"https:\/\/urbans.wien\/en\/wp-json\/wp\/v2\/media\/824"}],"wp:attachment":[{"href":"https:\/\/urbans.wien\/en\/wp-json\/wp\/v2\/media?parent=2695"}],"wp:term":[{"taxonomy":"category","embeddable":true,"href":"https:\/\/urbans.wien\/en\/wp-json\/wp\/v2\/categories?post=2695"},{"taxonomy":"post_tag","embeddable":true,"href":"https:\/\/urbans.wien\/en\/wp-json\/wp\/v2\/tags?post=2695"}],"curies":[{"name":"wp","href":"https:\/\/api.w.org\/{rel}","templated":true}]}}